{"id":2638,"date":"2023-09-25T10:35:11","date_gmt":"2023-09-25T13:35:11","guid":{"rendered":"https:\/\/bms.siteup.dev\/?p=2638"},"modified":"2023-09-25T10:35:11","modified_gmt":"2023-09-25T13:35:11","slug":"palestra-nao-ao-assedio-no-seconci-com-nossos-lideres","status":"publish","type":"post","link":"https:\/\/bms2.siteup.dev\/es\/palestra-nao-ao-assedio-no-seconci-com-nossos-lideres\/","title":{"rendered":"Palestra \u201cN\u00e3o ao ass\u00e9dio\u201d no SECONCI com nossos l\u00edderes"},"content":{"rendered":"<p>No dia 25 de agosto, a Controller BMS participou de um evento de extrema import\u00e2ncia para a empresa e seus colaboradores. Nossos s\u00f3cios propriet\u00e1rios, diretores e equipe de gestores participaram de uma palestra de alto impacto realizada no Teatro do Seconci-SP (Servi\u00e7o Social da Constru\u00e7\u00e3o Civil do Estado de S\u00e3o Paulo).<\/p>\n<p>Essa palestra se destacou como uma continua\u00e7\u00e3o natural de nossa SIPAT 2023, que teve como tema \u201cN\u00e3o ao ass\u00e9dio\u201d. A Controller BMS reafirma, de forma intransigente, o compromisso com a integridade de seus colaboradores e sua total discord\u00e2ncia com qualquer forma de discrimina\u00e7\u00e3o, seja ela moral ou sexual.<\/p>\n<p>A forte presen\u00e7a de nossa lideran\u00e7a nesse evento n\u00e3o passou despercebida. Esses l\u00edderes s\u00e3o os disseminadores da cultura organizacional da Controller BMS e, portanto, desempenham um papel fundamental na multiplica\u00e7\u00e3o dos conhecimentos adquiridos e no fortalecimento de nossa miss\u00e3o de criar um ambiente de trabalho seguro, saud\u00e1vel e livre de ass\u00e9dio.<\/p>\n<p>A palestra foi verdadeiramente esclarecedora, fornecendo insights valiosos sobre a preven\u00e7\u00e3o e o combate ao ass\u00e9dio no ambiente de trabalho. Al\u00e9m disso, destacou a import\u00e2ncia de criar uma cultura que promova o respeito m\u00fatuo e a dignidade em todas as intera\u00e7\u00f5es.<\/p>\n<p>Os colaboradores presentes puderam aprender estrat\u00e9gias pr\u00e1ticas para identificar, relatar e combater o ass\u00e9dio, bem como compreender a import\u00e2ncia de criar um ambiente de trabalho inclusivo, onde todos se sintam valorizados e respeitados. Palestras como essa s\u00e3o cruciais para promover a conscientiza\u00e7\u00e3o e a mudan\u00e7a cultural na sociedade.<\/p>\n<p>A Controller BMS acredita firmemente que o respeito e a dignidade s\u00e3o os alicerces de um ambiente de trabalho saud\u00e1vel e produtivo. Continuaremos a investir em iniciativas que reforcem esses valores e garantam que todos os nossos colaboradores possam prosperar em um ambiente seguro e livre de ass\u00e9dio.<\/p>","protected":false},"excerpt":{"rendered":"<p>No dia 25 de agosto, a Controller BMS participou de um evento de extrema import\u00e2ncia para a empresa e seus colaboradores. Nossos s\u00f3cios propriet\u00e1rios, diretores e equipe de gestores participaram de uma palestra de alto impacto realizada no Teatro do Seconci-SP (Servi\u00e7o Social da Constru\u00e7\u00e3o Civil do Estado de S\u00e3o Paulo). Essa palestra se destacou [&hellip;]<\/p>","protected":false},"author":2,"featured_media":2634,"comment_status":"closed","ping_status":"open","sticky":false,"template":"","format":"standard","meta":{"footnotes":""},"categories":[42,41,39,40],"tags":[],"yoast_head":"<!-- This site is optimized with the Yoast SEO plugin v21.2 - https:\/\/yoast.com\/wordpress\/plugins\/seo\/ -->\n<title>Palestra \u201cN\u00e3o ao ass\u00e9dio\u201d no SECONCI com nossos l\u00edderes | Controller BMS<\/title>\n<meta name=\"robots\" content=\"noindex, follow, max-snippet:-1, max-image-preview:large, max-video-preview:-1\" \/>\n<meta property=\"og:locale\" content=\"es_ES\" \/>\n<meta property=\"og:type\" content=\"article\" \/>\n<meta property=\"og:title\" content=\"Palestra \u201cN\u00e3o ao ass\u00e9dio\u201d no SECONCI com nossos l\u00edderes | Controller BMS\" \/>\n<meta property=\"og:description\" content=\"No dia 25 de agosto, a Controller BMS participou de um evento de extrema import\u00e2ncia para a empresa e seus colaboradores. Nossos s\u00f3cios propriet\u00e1rios, diretores e equipe de gestores participaram de uma palestra de alto impacto realizada no Teatro do Seconci-SP (Servi\u00e7o Social da Constru\u00e7\u00e3o Civil do Estado de S\u00e3o Paulo). Essa palestra se destacou [&hellip;]\" \/>\n<meta property=\"og:url\" content=\"https:\/\/bms2.siteup.dev\/es\/palestra-nao-ao-assedio-no-seconci-com-nossos-lideres\/\" \/>\n<meta property=\"og:site_name\" content=\"Controller BMS\" \/>\n<meta property=\"article:published_time\" content=\"2023-09-25T13:35:11+00:00\" \/>\n<meta property=\"og:image\" content=\"https:\/\/bms2.siteup.dev\/wp-content\/uploads\/2023\/09\/img_blog4.webp\" \/>\n\t<meta property=\"og:image:width\" content=\"1243\" \/>\n\t<meta property=\"og:image:height\" content=\"577\" \/>\n\t<meta property=\"og:image:type\" content=\"image\/webp\" \/>\n<meta name=\"author\" content=\"upsites\" \/>\n<meta name=\"twitter:card\" content=\"summary_large_image\" \/>\n<meta name=\"twitter:label1\" content=\"Escrito por\" \/>\n\t<meta name=\"twitter:data1\" content=\"upsites\" \/>\n\t<meta name=\"twitter:label2\" content=\"Tiempo de lectura\" \/>\n\t<meta name=\"twitter:data2\" content=\"2 minutos\" \/>\n<script type=\"application\/ld+json\" class=\"yoast-schema-graph\">{\"@context\":\"https:\/\/schema.org\",\"@graph\":[{\"@type\":\"Article\",\"@id\":\"https:\/\/bms2.siteup.dev\/palestra-nao-ao-assedio-no-seconci-com-nossos-lideres\/#article\",\"isPartOf\":{\"@id\":\"https:\/\/bms2.siteup.dev\/palestra-nao-ao-assedio-no-seconci-com-nossos-lideres\/\"},\"author\":{\"name\":\"upsites\",\"@id\":\"https:\/\/bms2.siteup.dev\/#\/schema\/person\/578d3a334691e657d8ff65ed929e9aa3\"},\"headline\":\"Palestra \u201cN\u00e3o ao ass\u00e9dio\u201d no SECONCI com nossos l\u00edderes\",\"datePublished\":\"2023-09-25T13:35:11+00:00\",\"dateModified\":\"2023-09-25T13:35:11+00:00\",\"mainEntityOfPage\":{\"@id\":\"https:\/\/bms2.siteup.dev\/palestra-nao-ao-assedio-no-seconci-com-nossos-lideres\/\"},\"wordCount\":333,\"publisher\":{\"@id\":\"https:\/\/bms2.siteup.dev\/#organization\"},\"articleSection\":[\"Colabora\u00e7\u00e3o\",\"Compromisso\",\"\u00c9tica, transpar\u00eancia e integridade\",\"Responsabilidade\"],\"inLanguage\":\"es\"},{\"@type\":\"WebPage\",\"@id\":\"https:\/\/bms2.siteup.dev\/palestra-nao-ao-assedio-no-seconci-com-nossos-lideres\/\",\"url\":\"https:\/\/bms2.siteup.dev\/palestra-nao-ao-assedio-no-seconci-com-nossos-lideres\/\",\"name\":\"Palestra \u201cN\u00e3o ao ass\u00e9dio\u201d no SECONCI com nossos l\u00edderes | Controller BMS\",\"isPartOf\":{\"@id\":\"https:\/\/bms2.siteup.dev\/#website\"},\"datePublished\":\"2023-09-25T13:35:11+00:00\",\"dateModified\":\"2023-09-25T13:35:11+00:00\",\"inLanguage\":\"es\",\"potentialAction\":[{\"@type\":\"ReadAction\",\"target\":[\"https:\/\/bms2.siteup.dev\/palestra-nao-ao-assedio-no-seconci-com-nossos-lideres\/\"]}]},{\"@type\":\"WebSite\",\"@id\":\"https:\/\/bms2.siteup.dev\/#website\",\"url\":\"https:\/\/bms2.siteup.dev\/\",\"name\":\"Controller BMS\",\"description\":\"Automa\u00e7\u00e3o predial\",\"publisher\":{\"@id\":\"https:\/\/bms2.siteup.dev\/#organization\"},\"alternateName\":\"BMS\",\"potentialAction\":[{\"@type\":\"SearchAction\",\"target\":{\"@type\":\"EntryPoint\",\"urlTemplate\":\"https:\/\/bms2.siteup.dev\/?s={search_term_string}\"},\"query-input\":\"required name=search_term_string\"}],\"inLanguage\":\"es\"},{\"@type\":\"Organization\",\"@id\":\"https:\/\/bms2.siteup.dev\/#organization\",\"name\":\"Controller BMS\",\"url\":\"https:\/\/bms2.siteup.dev\/\",\"logo\":{\"@type\":\"ImageObject\",\"inLanguage\":\"es\",\"@id\":\"https:\/\/bms2.siteup.dev\/#\/schema\/logo\/image\/\",\"url\":\"https:\/\/bms2.siteup.dev\/wp-content\/uploads\/2018\/09\/controller-bms-logo.svg\",\"contentUrl\":\"https:\/\/bms2.siteup.dev\/wp-content\/uploads\/2018\/09\/controller-bms-logo.svg\",\"width\":203,\"height\":44,\"caption\":\"Controller BMS\"},\"image\":{\"@id\":\"https:\/\/bms2.siteup.dev\/#\/schema\/logo\/image\/\"}},{\"@type\":\"Person\",\"@id\":\"https:\/\/bms2.siteup.dev\/#\/schema\/person\/578d3a334691e657d8ff65ed929e9aa3\",\"name\":\"upsites\",\"url\":\"https:\/\/bms2.siteup.dev\/es\/author\/upsites\/\"}]}<\/script>\n<!-- \/ Yoast SEO plugin. -->","yoast_head_json":{"title":"Palestra \u201cN\u00e3o ao ass\u00e9dio\u201d no SECONCI com nossos l\u00edderes | Controller BMS","robots":{"index":"noindex","follow":"follow","max-snippet":"max-snippet:-1","max-image-preview":"max-image-preview:large","max-video-preview":"max-video-preview:-1"},"og_locale":"es_ES","og_type":"article","og_title":"Palestra \u201cN\u00e3o ao ass\u00e9dio\u201d no SECONCI com nossos l\u00edderes | Controller BMS","og_description":"No dia 25 de agosto, a Controller BMS participou de um evento de extrema import\u00e2ncia para a empresa e seus colaboradores. Nossos s\u00f3cios propriet\u00e1rios, diretores e equipe de gestores participaram de uma palestra de alto impacto realizada no Teatro do Seconci-SP (Servi\u00e7o Social da Constru\u00e7\u00e3o Civil do Estado de S\u00e3o Paulo). Essa palestra se destacou [&hellip;]","og_url":"https:\/\/bms2.siteup.dev\/es\/palestra-nao-ao-assedio-no-seconci-com-nossos-lideres\/","og_site_name":"Controller BMS","article_published_time":"2023-09-25T13:35:11+00:00","og_image":[{"width":1243,"height":577,"url":"https:\/\/bms2.siteup.dev\/wp-content\/uploads\/2023\/09\/img_blog4.webp","type":"image\/webp"}],"author":"upsites","twitter_card":"summary_large_image","twitter_misc":{"Escrito por":"upsites","Tiempo de lectura":"2 minutos"},"schema":{"@context":"https:\/\/schema.org","@graph":[{"@type":"Article","@id":"https:\/\/bms2.siteup.dev\/palestra-nao-ao-assedio-no-seconci-com-nossos-lideres\/#article","isPartOf":{"@id":"https:\/\/bms2.siteup.dev\/palestra-nao-ao-assedio-no-seconci-com-nossos-lideres\/"},"author":{"name":"upsites","@id":"https:\/\/bms2.siteup.dev\/#\/schema\/person\/578d3a334691e657d8ff65ed929e9aa3"},"headline":"Palestra \u201cN\u00e3o ao ass\u00e9dio\u201d no SECONCI com nossos l\u00edderes","datePublished":"2023-09-25T13:35:11+00:00","dateModified":"2023-09-25T13:35:11+00:00","mainEntityOfPage":{"@id":"https:\/\/bms2.siteup.dev\/palestra-nao-ao-assedio-no-seconci-com-nossos-lideres\/"},"wordCount":333,"publisher":{"@id":"https:\/\/bms2.siteup.dev\/#organization"},"articleSection":["Colabora\u00e7\u00e3o","Compromisso","\u00c9tica, transpar\u00eancia e integridade","Responsabilidade"],"inLanguage":"es"},{"@type":"WebPage","@id":"https:\/\/bms2.siteup.dev\/palestra-nao-ao-assedio-no-seconci-com-nossos-lideres\/","url":"https:\/\/bms2.siteup.dev\/palestra-nao-ao-assedio-no-seconci-com-nossos-lideres\/","name":"Palestra \u201cN\u00e3o ao ass\u00e9dio\u201d no SECONCI com nossos l\u00edderes | Controller BMS","isPartOf":{"@id":"https:\/\/bms2.siteup.dev\/#website"},"datePublished":"2023-09-25T13:35:11+00:00","dateModified":"2023-09-25T13:35:11+00:00","inLanguage":"es","potentialAction":[{"@type":"ReadAction","target":["https:\/\/bms2.siteup.dev\/palestra-nao-ao-assedio-no-seconci-com-nossos-lideres\/"]}]},{"@type":"WebSite","@id":"https:\/\/bms2.siteup.dev\/#website","url":"https:\/\/bms2.siteup.dev\/","name":"Controller BMS","description":"Automa\u00e7\u00e3o predial","publisher":{"@id":"https:\/\/bms2.siteup.dev\/#organization"},"alternateName":"BMS","potentialAction":[{"@type":"SearchAction","target":{"@type":"EntryPoint","urlTemplate":"https:\/\/bms2.siteup.dev\/?s={search_term_string}"},"query-input":"required name=search_term_string"}],"inLanguage":"es"},{"@type":"Organization","@id":"https:\/\/bms2.siteup.dev\/#organization","name":"Controller BMS","url":"https:\/\/bms2.siteup.dev\/","logo":{"@type":"ImageObject","inLanguage":"es","@id":"https:\/\/bms2.siteup.dev\/#\/schema\/logo\/image\/","url":"https:\/\/bms2.siteup.dev\/wp-content\/uploads\/2018\/09\/controller-bms-logo.svg","contentUrl":"https:\/\/bms2.siteup.dev\/wp-content\/uploads\/2018\/09\/controller-bms-logo.svg","width":203,"height":44,"caption":"Controller BMS"},"image":{"@id":"https:\/\/bms2.siteup.dev\/#\/schema\/logo\/image\/"}},{"@type":"Person","@id":"https:\/\/bms2.siteup.dev\/#\/schema\/person\/578d3a334691e657d8ff65ed929e9aa3","name":"upsites","url":"https:\/\/bms2.siteup.dev\/es\/author\/upsites\/"}]}},"_links":{"self":[{"href":"https:\/\/bms2.siteup.dev\/es\/wp-json\/wp\/v2\/posts\/2638"}],"collection":[{"href":"https:\/\/bms2.siteup.dev\/es\/wp-json\/wp\/v2\/posts"}],"about":[{"href":"https:\/\/bms2.siteup.dev\/es\/wp-json\/wp\/v2\/types\/post"}],"author":[{"embeddable":true,"href":"https:\/\/bms2.siteup.dev\/es\/wp-json\/wp\/v2\/users\/2"}],"replies":[{"embeddable":true,"href":"https:\/\/bms2.siteup.dev\/es\/wp-json\/wp\/v2\/comments?post=2638"}],"version-history":[{"count":1,"href":"https:\/\/bms2.siteup.dev\/es\/wp-json\/wp\/v2\/posts\/2638\/revisions"}],"predecessor-version":[{"id":2640,"href":"https:\/\/bms2.siteup.dev\/es\/wp-json\/wp\/v2\/posts\/2638\/revisions\/2640"}],"wp:featuredmedia":[{"embeddable":true,"href":"https:\/\/bms2.siteup.dev\/es\/wp-json\/wp\/v2\/media\/2634"}],"wp:attachment":[{"href":"https:\/\/bms2.siteup.dev\/es\/wp-json\/wp\/v2\/media?parent=2638"}],"wp:term":[{"taxonomy":"category","embeddable":true,"href":"https:\/\/bms2.siteup.dev\/es\/wp-json\/wp\/v2\/categories?post=2638"},{"taxonomy":"post_tag","embeddable":true,"href":"https:\/\/bms2.siteup.dev\/es\/wp-json\/wp\/v2\/tags?post=2638"}],"curies":[{"name":"wp","href":"https:\/\/api.w.org\/{rel}","templated":true}]}}